{"id":322,"date":"2026-04-06T21:10:00","date_gmt":"2026-04-06T21:10:00","guid":{"rendered":"https:\/\/retrosuzhi.de\/?p=322"},"modified":"2026-04-06T21:10:00","modified_gmt":"2026-04-06T21:10:00","slug":"fine-food-days-2025-gourmet-highlight-in-koln-eroffnet","status":"publish","type":"post","link":"https:\/\/retrosuzhi.de\/?p=322","title":{"rendered":"Fine Food Days 2025: Gourmet-Highlight in K\u00f6ln er\u00f6ffnet"},"content":{"rendered":"<h2>Feinschmecker-Festival in K\u00f6ln er\u00f6ffnet: Fine Food Days 2025 beginnen<\/h2>\n<p>Die Fine Food Days in K\u00f6ln sind ein j\u00e4hrliches Gourmet-Highlight, das Feinschmecker aus ganz Deutschland anzieht. In diesem Jahr startet das Festival erneut mit gro\u00dfen Erwartungen, und am Er\u00f6ffnungstag steht besonders die Frage im Raum, wer die beliebte Stark\u00f6chin Julia Komp beerben wird. Diese kulinarische Veranstaltung, die vom 25. August bis zum 7. September 2025 stattfindet, bietet nicht nur exquisite Speisen, sondern auch ein breites Spektrum an Kochevents und Preisverleihungen.<\/p>\n<h3>Vielf\u00e4ltiges Programm begeistert Foodies<\/h3>\n<p>Die Er\u00f6ffnung der Fine Food Days wurde mit einer exklusiven K\u00fcchenparty eingel\u00e4utet, an der 450 G\u00e4ste teilnahmen. Die Teilnehmer konnten sich auf 24 verschiedene Speisen und 600 erlesene Weinflaschen freuen. Diese hohe Zahl an angebotenen Weinen und Speisen verdeutlicht den Anspruch des Festivals, den G\u00e4sten ein umfassendes Gourmet-Erlebnis zu bieten. Die Veranstaltung verfolgt das Ziel, kulinarische H\u00f6hepunkte zu pr\u00e4sentieren und gleichzeitig einen exklusiven Austausch zwischen den K\u00f6chen und Teilnehmern zu erm\u00f6glichen.<\/p>\n<h3>Auszeichnungen der Extraklasse: Die Sieger stehen fest<\/h3>\n<p>Ein H\u00f6hepunkt der Fine Food Days ist zweifellos die Preisverleihung, die am finalen Tag des Events stattfindet. Mirko Gaul wurde zum \u201eKoch des Jahres 2025\u201c gek\u00fcrt, eine Auszeichnung, die seinen Einfluss in der Feinschmecker-Szene best\u00e4tigt. Weitere prominente Gewinner waren Joschua Tepner, der ebenfalls bei der Preisverleihung Anerkennung fand. Die Feierlichkeiten im prunkvollen Flora-Saal wurden von \u00fcber 2000 G\u00e4sten besucht, die das vielseitige Programm der rund 30 Events w\u00e4hrend des Festivals genossen. Diese eindrucksvolle Besucherzahl unterstreicht die Bedeutung der Fine Food Days in der kulinarischen Welt.<\/p>\n<h2>Ein kulinarischer Ausblick: Fine Food Days setzen Ma\u00dfst\u00e4be<\/h2>\n<p>Die Fine Food Days 2025 in K\u00f6ln stellen einmal mehr ihre Stellung als herausragender Treffpunkt f\u00fcr Feinschmecker und Gourmets unter Beweis. Mit einer gelungenen Mischung aus exklusiven Speisen, renommierter Kochkunst und spannenden Preisverleihungen lockt das Festival j\u00e4hrlich ein begeistertes Publikum an. Die Beteiligung prominenter K\u00f6che und die hohe Besucherzahl best\u00e4tigen den Erfolg der Veranstaltung und lassen bereits jetzt Vorfreude auf die kommenden Fine Food Days 2026 aufkommen. Diese Fortsetzung verspricht, weiter Ma\u00dfst\u00e4be in der Feinschmecker-Gastronomie zu setzen und neue Trends im kulinarischen Bereich zu f\u00f6rdern.<\/p>\n","protected":false},"excerpt":{"rendered":"<p>Feinschmecker-Festival in K\u00f6ln er\u00f6ffnet: Fine Food Days 2025 beginnen Die Fine Food Days in K\u00f6ln sind ein j\u00e4hrliches Gourmet-Highlight, das Feinschmecker aus ganz Deutschland anzieht. In diesem Jahr startet das Festival erneut mit gro\u00dfen Erwartungen, und am Er\u00f6ffnungstag steht besonders die Frage im Raum, wer die beliebte Stark\u00f6chin Julia Komp beerben wird. Diese kulinarische Veranstaltung, [&hellip;]<\/p>\n","protected":false},"author":1,"featured_media":0,"comment_status":"open","ping_status":"open","sticky":false,"template":"","format":"standard","meta":{"footnotes":""},"categories":[1],"tags":[],"class_list":["post-322","post","type-post","status-publish","format-standard","hentry","category-uncategorized"],"yoast_head":"<!-- This site is optimized with the Yoast SEO plugin v26.2 - https:\/\/yoast.com\/wordpress\/plugins\/seo\/ -->\n<title>Fine Food Days 2025: Gourmet-Highlight in K\u00f6ln er\u00f6ffnet - retrosuzhi.de<\/title>\n<meta name=\"robots\" content=\"index, follow, max-snippet:-1, max-image-preview:large, max-video-preview:-1\" \/>\n<link rel=\"canonical\" href=\"https:\/\/retrosuzhi.de\/?p=322\" \/>\n<meta property=\"og:locale\" content=\"en_US\" \/>\n<meta property=\"og:type\" content=\"article\" \/>\n<meta property=\"og:title\" content=\"Fine Food Days 2025: Gourmet-Highlight in K\u00f6ln er\u00f6ffnet - retrosuzhi.de\" \/>\n<meta property=\"og:description\" content=\"Feinschmecker-Festival in K\u00f6ln er\u00f6ffnet: Fine Food Days 2025 beginnen Die Fine Food Days in K\u00f6ln sind ein j\u00e4hrliches Gourmet-Highlight, das Feinschmecker aus ganz Deutschland anzieht. In diesem Jahr startet das Festival erneut mit gro\u00dfen Erwartungen, und am Er\u00f6ffnungstag steht besonders die Frage im Raum, wer die beliebte Stark\u00f6chin Julia Komp beerben wird. Diese kulinarische Veranstaltung, [&hellip;]\" \/>\n<meta property=\"og:url\" content=\"https:\/\/retrosuzhi.de\/?p=322\" \/>\n<meta property=\"og:site_name\" content=\"retrosuzhi.de\" \/>\n<meta property=\"article:published_time\" content=\"2026-04-06T21:10:00+00:00\" \/>\n<meta name=\"author\" content=\"Admin\" \/>\n<meta name=\"twitter:card\" content=\"summary_large_image\" \/>\n<meta name=\"twitter:label1\" content=\"Written by\" \/>\n\t<meta name=\"twitter:data1\" content=\"Admin\" \/>\n\t<meta name=\"twitter:label2\" content=\"Est. reading time\" \/>\n\t<meta name=\"twitter:data2\" content=\"2 minutes\" \/>\n<script type=\"application\/ld+json\" class=\"yoast-schema-graph\">{\"@context\":\"https:\/\/schema.org\",\"@graph\":[{\"@type\":\"WebPage\",\"@id\":\"https:\/\/retrosuzhi.de\/?p=322\",\"url\":\"https:\/\/retrosuzhi.de\/?p=322\",\"name\":\"Fine Food Days 2025: Gourmet-Highlight in K\u00f6ln er\u00f6ffnet - retrosuzhi.de\",\"isPartOf\":{\"@id\":\"https:\/\/retrosuzhi.de\/#website\"},\"datePublished\":\"2026-04-06T21:10:00+00:00\",\"author\":{\"@id\":\"https:\/\/retrosuzhi.de\/#\/schema\/person\/ff8123c32ba9d914eed506039f911dfb\"},\"breadcrumb\":{\"@id\":\"https:\/\/retrosuzhi.de\/?p=322#breadcrumb\"},\"inLanguage\":\"en-US\",\"potentialAction\":[{\"@type\":\"ReadAction\",\"target\":[\"https:\/\/retrosuzhi.de\/?p=322\"]}]},{\"@type\":\"BreadcrumbList\",\"@id\":\"https:\/\/retrosuzhi.de\/?p=322#breadcrumb\",\"itemListElement\":[{\"@type\":\"ListItem\",\"position\":1,\"name\":\"Home\",\"item\":\"https:\/\/retrosuzhi.de\/\"},{\"@type\":\"ListItem\",\"position\":2,\"name\":\"Fine Food Days 2025: Gourmet-Highlight in K\u00f6ln er\u00f6ffnet\"}]},{\"@type\":\"WebSite\",\"@id\":\"https:\/\/retrosuzhi.de\/#website\",\"url\":\"https:\/\/retrosuzhi.de\/\",\"name\":\"retrosuzhi.de\",\"description\":\"Just another WordPress site\",\"potentialAction\":[{\"@type\":\"SearchAction\",\"target\":{\"@type\":\"EntryPoint\",\"urlTemplate\":\"https:\/\/retrosuzhi.de\/?s={search_term_string}\"},\"query-input\":{\"@type\":\"PropertyValueSpecification\",\"valueRequired\":true,\"valueName\":\"search_term_string\"}}],\"inLanguage\":\"en-US\"},{\"@type\":\"Person\",\"@id\":\"https:\/\/retrosuzhi.de\/#\/schema\/person\/ff8123c32ba9d914eed506039f911dfb\",\"name\":\"Admin\",\"image\":{\"@type\":\"ImageObject\",\"inLanguage\":\"en-US\",\"@id\":\"https:\/\/retrosuzhi.de\/#\/schema\/person\/image\/\",\"url\":\"https:\/\/secure.gravatar.com\/avatar\/507ed9f869be8c78e922f20fbf4c374f9dc9bb079cbbf224a272b66cae11286c?s=96&d=mm&r=g\",\"contentUrl\":\"https:\/\/secure.gravatar.com\/avatar\/507ed9f869be8c78e922f20fbf4c374f9dc9bb079cbbf224a272b66cae11286c?s=96&d=mm&r=g\",\"caption\":\"Admin\"},\"sameAs\":[\"https:\/\/retrosuzhi.de\"],\"url\":\"https:\/\/retrosuzhi.de\/?author=1\"}]}<\/script>\n<!-- \/ Yoast SEO plugin. -->","yoast_head_json":{"title":"Fine Food Days 2025: Gourmet-Highlight in K\u00f6ln er\u00f6ffnet - retrosuzhi.de","robots":{"index":"index","follow":"follow","max-snippet":"max-snippet:-1","max-image-preview":"max-image-preview:large","max-video-preview":"max-video-preview:-1"},"canonical":"https:\/\/retrosuzhi.de\/?p=322","og_locale":"en_US","og_type":"article","og_title":"Fine Food Days 2025: Gourmet-Highlight in K\u00f6ln er\u00f6ffnet - retrosuzhi.de","og_description":"Feinschmecker-Festival in K\u00f6ln er\u00f6ffnet: Fine Food Days 2025 beginnen Die Fine Food Days in K\u00f6ln sind ein j\u00e4hrliches Gourmet-Highlight, das Feinschmecker aus ganz Deutschland anzieht. In diesem Jahr startet das Festival erneut mit gro\u00dfen Erwartungen, und am Er\u00f6ffnungstag steht besonders die Frage im Raum, wer die beliebte Stark\u00f6chin Julia Komp beerben wird. Diese kulinarische Veranstaltung, [&hellip;]","og_url":"https:\/\/retrosuzhi.de\/?p=322","og_site_name":"retrosuzhi.de","article_published_time":"2026-04-06T21:10:00+00:00","author":"Admin","twitter_card":"summary_large_image","twitter_misc":{"Written by":"Admin","Est. reading time":"2 minutes"},"schema":{"@context":"https:\/\/schema.org","@graph":[{"@type":"WebPage","@id":"https:\/\/retrosuzhi.de\/?p=322","url":"https:\/\/retrosuzhi.de\/?p=322","name":"Fine Food Days 2025: Gourmet-Highlight in K\u00f6ln er\u00f6ffnet - retrosuzhi.de","isPartOf":{"@id":"https:\/\/retrosuzhi.de\/#website"},"datePublished":"2026-04-06T21:10:00+00:00","author":{"@id":"https:\/\/retrosuzhi.de\/#\/schema\/person\/ff8123c32ba9d914eed506039f911dfb"},"breadcrumb":{"@id":"https:\/\/retrosuzhi.de\/?p=322#breadcrumb"},"inLanguage":"en-US","potentialAction":[{"@type":"ReadAction","target":["https:\/\/retrosuzhi.de\/?p=322"]}]},{"@type":"BreadcrumbList","@id":"https:\/\/retrosuzhi.de\/?p=322#breadcrumb","itemListElement":[{"@type":"ListItem","position":1,"name":"Home","item":"https:\/\/retrosuzhi.de\/"},{"@type":"ListItem","position":2,"name":"Fine Food Days 2025: Gourmet-Highlight in K\u00f6ln er\u00f6ffnet"}]},{"@type":"WebSite","@id":"https:\/\/retrosuzhi.de\/#website","url":"https:\/\/retrosuzhi.de\/","name":"retrosuzhi.de","description":"Just another WordPress site","potentialAction":[{"@type":"SearchAction","target":{"@type":"EntryPoint","urlTemplate":"https:\/\/retrosuzhi.de\/?s={search_term_string}"},"query-input":{"@type":"PropertyValueSpecification","valueRequired":true,"valueName":"search_term_string"}}],"inLanguage":"en-US"},{"@type":"Person","@id":"https:\/\/retrosuzhi.de\/#\/schema\/person\/ff8123c32ba9d914eed506039f911dfb","name":"Admin","image":{"@type":"ImageObject","inLanguage":"en-US","@id":"https:\/\/retrosuzhi.de\/#\/schema\/person\/image\/","url":"https:\/\/secure.gravatar.com\/avatar\/507ed9f869be8c78e922f20fbf4c374f9dc9bb079cbbf224a272b66cae11286c?s=96&d=mm&r=g","contentUrl":"https:\/\/secure.gravatar.com\/avatar\/507ed9f869be8c78e922f20fbf4c374f9dc9bb079cbbf224a272b66cae11286c?s=96&d=mm&r=g","caption":"Admin"},"sameAs":["https:\/\/retrosuzhi.de"],"url":"https:\/\/retrosuzhi.de\/?author=1"}]}},"_links":{"self":[{"href":"https:\/\/retrosuzhi.de\/index.php?rest_route=\/wp\/v2\/posts\/322","targetHints":{"allow":["GET"]}}],"collection":[{"href":"https:\/\/retrosuzhi.de\/index.php?rest_route=\/wp\/v2\/posts"}],"about":[{"href":"https:\/\/retrosuzhi.de\/index.php?rest_route=\/wp\/v2\/types\/post"}],"author":[{"embeddable":true,"href":"https:\/\/retrosuzhi.de\/index.php?rest_route=\/wp\/v2\/users\/1"}],"replies":[{"embeddable":true,"href":"https:\/\/retrosuzhi.de\/index.php?rest_route=%2Fwp%2Fv2%2Fcomments&post=322"}],"version-history":[{"count":0,"href":"https:\/\/retrosuzhi.de\/index.php?rest_route=\/wp\/v2\/posts\/322\/revisions"}],"wp:attachment":[{"href":"https:\/\/retrosuzhi.de\/index.php?rest_route=%2Fwp%2Fv2%2Fmedia&parent=322"}],"wp:term":[{"taxonomy":"category","embeddable":true,"href":"https:\/\/retrosuzhi.de\/index.php?rest_route=%2Fwp%2Fv2%2Fcategories&post=322"},{"taxonomy":"post_tag","embeddable":true,"href":"https:\/\/retrosuzhi.de\/index.php?rest_route=%2Fwp%2Fv2%2Ftags&post=322"}],"curies":[{"name":"wp","href":"https:\/\/api.w.org\/{rel}","templated":true}]}}